{"id":34107,"date":"2025-10-24T16:04:24","date_gmt":"2025-10-24T14:04:24","guid":{"rendered":"https:\/\/osmirna.splet.arnes.si\/?p=34107"},"modified":"2025-10-24T16:04:51","modified_gmt":"2025-10-24T14:04:51","slug":"devetosolci-smo-steli-promet-na-mirni","status":"publish","type":"post","link":"https:\/\/www.os-mirna.si\/?p=34107","title":{"rendered":"Deveto\u0161olci smo \u0161teli promet na Mirni"},"content":{"rendered":"\n<p class=\"has-text-align-left\">U\u010denci 9. a in 9. b smo konec meseca septembra del pouka geografije pre\u017eiveli malo druga\u010de in od\u0161li na terensko raziskovanje. Na\u0161 cilj je bil spremljati promet na razli\u010dnih obmo\u010djih Mirne pred in po odprtju obvoznice 25. septembra 2025. V dvojicah smo se odpravili na razli\u010dne lokacije, in sicer ob cesto pred dovozom k \u0161oli, ob kamniti most, na glavno avtobusno postajo, na avtobusno postajo pri \u017eelezni\u0161ki postaji, pod spomenik na Rojah ob glavno cesto, v kro\u017ei\u0161\u010de pred za\u010detkom Mirne v smeri Trebnjega in na cesto mimo supermarketa Jager. Promet smo opazovali 20 minut ob dveh razli\u010dnih urah v dnevu, in sicer zadnji ponedeljek pred otvoritvijo obvoznice, nato pa \u0161e naslednji ponedeljek, \u0161tiri dni po otvoritvi nove ceste.<\/p>\n\n\n\n<p class=\"has-text-align-left\">Ob natan\u010dnem spremljanju \u0161tevila avtomobilov, tovornjakov in drugih prevoznih sredstev smo ugotovili, da se promet mimo \u0161ole in omenjene trgovine ni spremenil. Spremembe pa so bile zelo o\u010ditne na Glavni cesti \u010dez kamniti most, mimo glavne avtobusne postaje in mimo spomenika na Rojah. Na teh merilnih mestih se je \u0161tevilo vseh prevoznih sredstev zmanj\u0161alo za dvakrat ali trikrat. Trikratno se je pove\u010dalo \u0161tevilo vseh vozil na Cesti na Gradec mimo \u017eelezni\u0161ke postaje, ta cesta se namre\u010d priklju\u010di novozgrajeni obvoznici.<\/p>\n\n\n\n<p class=\"has-text-align-left\">Rezultati so bili pri\u010dakovani, saj je bil&nbsp; namen obvoznice preusmeriti promet iz centra kraja na obrobje, s tem pa je sredi\u0161\u010de Mirne razbremenila gostega prometa, zastojev, hrupa in tovornjakov.<\/p>\n\n\n\n<p class=\"has-text-align-left\">Pri tej dejavnosti nam je bilo v\u0161e\u010d predvsem to, da smo pouk imeli zunaj. Biti pa smo morali zelo skoncentrirani, ker smo bili pozorni tudi na registrske tablice in \u0161tevilo ljudi v avtomobilih. Ugotovili smo, da tujcev skoraj ni bilo in da je v avtomobilu najpogosteje le ena oseba.<\/p>\n\n\n\n<p class=\"has-text-align-left\">Vsem udele\u017eencem v prometu \u017eelimo varno in sre\u010dno na vseh poteh.<\/p>\n\n\n\n<p class=\"has-text-align-right\">Tajda Jamnik in Manca Koprivc<\/p>\n\n\n\n<figure class=\"wp-block-image size-full\"><img loading=\"lazy\" decoding=\"async\" width=\"540\" height=\"720\" src=\"https:\/\/www.os-mirna.si\/files\/2025\/10\/Slika4.png\" alt=\"\" class=\"wp-image-34112\" srcset=\"https:\/\/www.os-mirna.si\/files\/2025\/10\/Slika4.png 540w, https:\/\/www.os-mirna.si\/files\/2025\/10\/Slika4-225x300.png 225w\" sizes=\"auto, (max-width: 540px) 100vw, 540px\" \/><\/figure>\n\n\n\n<figure class=\"wp-block-image size-full\"><img loading=\"lazy\" decoding=\"async\" width=\"671\" height=\"503\" src=\"https:\/\/www.os-mirna.si\/files\/2025\/10\/Slika3.png\" alt=\"\" class=\"wp-image-34111\" srcset=\"https:\/\/www.os-mirna.si\/files\/2025\/10\/Slika3.png 671w, https:\/\/www.os-mirna.si\/files\/2025\/10\/Slika3-300x225.png 300w\" sizes=\"auto, (max-width: 671px) 100vw, 671px\" \/><\/figure>\n\n\n\n<figure class=\"wp-block-image size-full\"><img loading=\"lazy\" decoding=\"async\" width=\"525\" height=\"394\" src=\"https:\/\/www.os-mirna.si\/files\/2025\/10\/Slika2.png\" alt=\"\" class=\"wp-image-34110\" srcset=\"https:\/\/www.os-mirna.si\/files\/2025\/10\/Slika2.png 525w, https:\/\/www.os-mirna.si\/files\/2025\/10\/Slika2-300x225.png 300w\" sizes=\"auto, (max-width: 525px) 100vw, 525px\" \/><\/figure>\n\n\n\n<figure class=\"wp-block-image size-full\"><img loading=\"lazy\" decoding=\"async\" width=\"428\" height=\"572\" src=\"https:\/\/www.os-mirna.si\/files\/2025\/10\/Slika1.png\" alt=\"\" class=\"wp-image-34109\" srcset=\"https:\/\/www.os-mirna.si\/files\/2025\/10\/Slika1.png 428w, https:\/\/www.os-mirna.si\/files\/2025\/10\/Slika1-224x300.png 224w\" sizes=\"auto, (max-width: 428px) 100vw, 428px\" \/><\/figure>\n","protected":false},"excerpt":{"rendered":"<p>U\u010denci 9. a in 9. b smo konec meseca septembra del pouka geografije pre\u017eiveli malo druga\u010de in od\u0161li na terensko raziskovanje. Na\u0161 cilj je bil spremljati promet na razli\u010dnih obmo\u010djih Mirne pred in po&#46;&#46;&#46;<\/p>\n","protected":false},"author":16893,"featured_media":0,"comment_status":"closed","ping_status":"closed","sticky":false,"template":"","format":"standard","meta":{"ngg_post_thumbnail":0,"footnotes":""},"categories":[57],"tags":[],"class_list":["post-34107","post","type-post","status-publish","format-standard","hentry","category-aktualno"],"_links":{"self":[{"href":"https:\/\/www.os-mirna.si\/index.php?rest_route=\/wp\/v2\/posts\/34107","targetHints":{"allow":["GET"]}}],"collection":[{"href":"https:\/\/www.os-mirna.si\/index.php?rest_route=\/wp\/v2\/posts"}],"about":[{"href":"https:\/\/www.os-mirna.si\/index.php?rest_route=\/wp\/v2\/types\/post"}],"author":[{"embeddable":true,"href":"https:\/\/www.os-mirna.si\/index.php?rest_route=\/wp\/v2\/users\/16893"}],"replies":[{"embeddable":true,"href":"https:\/\/www.os-mirna.si\/index.php?rest_route=%2Fwp%2Fv2%2Fcomments&post=34107"}],"version-history":[{"count":3,"href":"https:\/\/www.os-mirna.si\/index.php?rest_route=\/wp\/v2\/posts\/34107\/revisions"}],"predecessor-version":[{"id":34115,"href":"https:\/\/www.os-mirna.si\/index.php?rest_route=\/wp\/v2\/posts\/34107\/revisions\/34115"}],"wp:attachment":[{"href":"https:\/\/www.os-mirna.si\/index.php?rest_route=%2Fwp%2Fv2%2Fmedia&parent=34107"}],"wp:term":[{"taxonomy":"category","embeddable":true,"href":"https:\/\/www.os-mirna.si\/index.php?rest_route=%2Fwp%2Fv2%2Fcategories&post=34107"},{"taxonomy":"post_tag","embeddable":true,"href":"https:\/\/www.os-mirna.si\/index.php?rest_route=%2Fwp%2Fv2%2Ftags&post=34107"}],"curies":[{"name":"wp","href":"https:\/\/api.w.org\/{rel}","templated":true}]}}